{"id":6981,"date":"2023-08-02T16:24:07","date_gmt":"2023-08-02T14:24:07","guid":{"rendered":"https:\/\/nymus.be\/le-gouvernement-francais-change-de-cap-sur-la-facturation-electronique\/"},"modified":"2025-07-14T15:42:59","modified_gmt":"2025-07-14T13:42:59","slug":"le-gouvernement-francais-change-de-cap-sur-la-facturation-electronique","status":"publish","type":"post","link":"https:\/\/nymus.be\/fr\/le-gouvernement-francais-change-de-cap-sur-la-facturation-electronique\/","title":{"rendered":"Le gouvernement fran\u00e7ais change de cap sur la facturation \u00e9lectronique"},"content":{"rendered":"\t\t<div data-elementor-type=\"wp-post\" data-elementor-id=\"6981\" class=\"elementor elementor-6981 elementor-6873\" data-elementor-settings=\"{&quot;ha_cmc_init_switcher&quot;:&quot;no&quot;}\" data-elementor-post-type=\"post\">\n\t\t\t\t\t\t<section class=\"elementor-section elementor-top-section elementor-element elementor-element-959de96 elementor-section-boxed elementor-section-height-default elementor-section-height-default\" data-id=\"959de96\" data-element_type=\"section\" data-e-type=\"section\" data-settings=\"{&quot;_ha_eqh_enable&quot;:false}\">\n\t\t\t\t\t\t<div class=\"elementor-container elementor-column-gap-default\">\n\t\t\t\t\t<div class=\"elementor-column elementor-col-100 elementor-top-column elementor-element elementor-element-4c8ccec\" data-id=\"4c8ccec\" data-element_type=\"column\" data-e-type=\"column\">\n\t\t\t<div class=\"elementor-widget-wrap elementor-element-populated\">\n\t\t\t\t\t\t<div class=\"elementor-element elementor-element-20d27f3 elementor-widget elementor-widget-text-editor\" data-id=\"20d27f3\" data-element_type=\"widget\" data-e-type=\"widget\" data-widget_type=\"text-editor.default\">\n\t\t\t\t\t\t\t\t\t<p><em>Une d\u00e9cision remarquable du gouvernement fran\u00e7ais a r\u00e9cemment fait la une des journaux. Il s&rsquo;agit de la facturation \u00e9lectronique obligatoire pour les entreprises, une politique qui est actuellement mise en veilleuse. <\/em><\/p>\n\t\t\t\t\t\t\t\t<\/div>\n\t\t\t\t\t<\/div>\n\t\t<\/div>\n\t\t\t\t\t<\/div>\n\t\t<\/section>\n\t\t\t\t<section class=\"elementor-section elementor-top-section elementor-element elementor-element-4d44bbf elementor-section-boxed elementor-section-height-default elementor-section-height-default\" data-id=\"4d44bbf\" data-element_type=\"section\" data-e-type=\"section\" data-settings=\"{&quot;_ha_eqh_enable&quot;:false}\">\n\t\t\t\t\t\t<div class=\"elementor-container elementor-column-gap-default\">\n\t\t\t\t\t<div class=\"elementor-column elementor-col-100 elementor-top-column elementor-element elementor-element-095eae0\" data-id=\"095eae0\" data-element_type=\"column\" data-e-type=\"column\">\n\t\t\t<div class=\"elementor-widget-wrap elementor-element-populated\">\n\t\t\t\t\t\t<div class=\"elementor-element elementor-element-52e4cc0 elementor-widget elementor-widget-heading\" data-id=\"52e4cc0\" data-element_type=\"widget\" data-e-type=\"widget\" data-widget_type=\"heading.default\">\n\t\t\t\t\t<h2 class=\"elementor-heading-title elementor-size-default\">Le gouvernement fran\u00e7ais retarde la facturation \u00e9lectronique<\/h2>\t\t\t\t<\/div>\n\t\t\t\t\t<\/div>\n\t\t<\/div>\n\t\t\t\t\t<\/div>\n\t\t<\/section>\n\t\t\t\t<section class=\"elementor-section elementor-top-section elementor-element elementor-element-4f1b6b3 elementor-section-boxed elementor-section-height-default elementor-section-height-default\" data-id=\"4f1b6b3\" data-element_type=\"section\" data-e-type=\"section\" data-settings=\"{&quot;_ha_eqh_enable&quot;:false}\">\n\t\t\t\t\t\t<div class=\"elementor-container elementor-column-gap-default\">\n\t\t\t\t\t<div class=\"elementor-column elementor-col-100 elementor-top-column elementor-element elementor-element-ed8a3d2\" data-id=\"ed8a3d2\" data-element_type=\"column\" data-e-type=\"column\">\n\t\t\t<div class=\"elementor-widget-wrap elementor-element-populated\">\n\t\t\t\t\t\t<div class=\"elementor-element elementor-element-0e79acb elementor-widget elementor-widget-text-editor\" data-id=\"0e79acb\" data-element_type=\"widget\" data-e-type=\"widget\" data-widget_type=\"text-editor.default\">\n\t\t\t\t\t\t\t\t\t<p>Son entr\u00e9e en vigueur \u00e9tait initialement pr\u00e9vue pour le 1er juillet 2024. \u00c0 partir de cette date, toutes les entreprises fran\u00e7aises devront recevoir leurs factures sous forme \u00e9lectronique. Les grandes entreprises devaient adapter leurs processus de facturation sortante aux nouvelles exigences en mati\u00e8re de facturation \u00e9lectronique (e-invoicing) et de rapports \u00e9lectroniques (e-reporting).  <\/p>\n\t\t\t\t\t\t\t\t<\/div>\n\t\t\t\t\t<\/div>\n\t\t<\/div>\n\t\t\t\t\t<\/div>\n\t\t<\/section>\n\t\t\t\t<section class=\"elementor-section elementor-top-section elementor-element elementor-element-e90fd58 elementor-section-boxed elementor-section-height-default elementor-section-height-default\" data-id=\"e90fd58\" data-element_type=\"section\" data-e-type=\"section\" data-settings=\"{&quot;_ha_eqh_enable&quot;:false}\">\n\t\t\t\t\t\t<div class=\"elementor-container elementor-column-gap-default\">\n\t\t\t\t\t<div class=\"elementor-column elementor-col-100 elementor-top-column elementor-element elementor-element-4c2234e\" data-id=\"4c2234e\" data-element_type=\"column\" data-e-type=\"column\">\n\t\t\t<div class=\"elementor-widget-wrap elementor-element-populated\">\n\t\t\t\t\t\t<div class=\"elementor-element elementor-element-9b7441c elementor-widget elementor-widget-heading\" data-id=\"9b7441c\" data-element_type=\"widget\" data-e-type=\"widget\" data-widget_type=\"heading.default\">\n\t\t\t\t\t<h2 class=\"elementor-heading-title elementor-size-default\">Pourquoi ce retard inattendu ?<\/h2>\t\t\t\t<\/div>\n\t\t\t\t\t<\/div>\n\t\t<\/div>\n\t\t\t\t\t<\/div>\n\t\t<\/section>\n\t\t\t\t<section class=\"elementor-section elementor-top-section elementor-element elementor-element-a28c81f elementor-section-boxed elementor-section-height-default elementor-section-height-default\" data-id=\"a28c81f\" data-element_type=\"section\" data-e-type=\"section\" data-settings=\"{&quot;_ha_eqh_enable&quot;:false}\">\n\t\t\t\t\t\t<div class=\"elementor-container elementor-column-gap-default\">\n\t\t\t\t\t<div class=\"elementor-column elementor-col-100 elementor-top-column elementor-element elementor-element-2f7f985\" data-id=\"2f7f985\" data-element_type=\"column\" data-e-type=\"column\">\n\t\t\t<div class=\"elementor-widget-wrap elementor-element-populated\">\n\t\t\t\t\t\t<div class=\"elementor-element elementor-element-9475bad elementor-widget elementor-widget-text-editor\" data-id=\"9475bad\" data-element_type=\"widget\" data-e-type=\"widget\" data-widget_type=\"text-editor.default\">\n\t\t\t\t\t\t\t\t\t<p>Selon le message officiel du gouvernement fran\u00e7ais, ce d\u00e9lai est n\u00e9cessaire pour mener \u00e0 bien les r\u00e9formes \u00e9conomiques. Les dates report\u00e9es donnent au gouvernement plus de temps pour adapter la l\u00e9gislation financi\u00e8re afin que les entreprises puissent passer plus facilement au processus de facturation \u00e9lectronique lorsque la politique entrera effectivement en vigueur.<br \/>N\u00e9anmoins, pour les entreprises fran\u00e7aises qui souhaitent se lancer dans la facturation \u00e9lectronique, il y a encore du travail \u00e0 faire.<\/p>\n<p>Les nouvelles dates propos\u00e9es doivent encore \u00eatre annonc\u00e9es par le gouvernement fran\u00e7ais. En tant qu&rsquo;observateurs d\u00e9vou\u00e9s, nous gardons un \u0153il sur chaque d\u00e9veloppement. <\/p>\n<p>Il va sans dire que ce retard pourrait avoir un effet boule de neige pour toutes les entreprises concern\u00e9es, \u00e0 partir de la date de d\u00e9marrage initialement pr\u00e9vue.<\/p>\n<p>\u00c0 l&rsquo;origine, juillet 2024 \u00e9tait pr\u00e9vu comme date de d\u00e9marrage pour les grandes entreprises. Les entreprises moyennes suivront en janvier 2025 et toutes les autres entreprises fran\u00e7aises en janvier 2026.<\/p>\n<p>En examinant des situations similaires dans d&rsquo;autres pays europ\u00e9ens, nous constatons que les retards dans les r\u00e9glementations relatives \u00e0 la facturation \u00e9lectronique donnent g\u00e9n\u00e9ralement \u00e0 toutes les phases (et aux entreprises concern\u00e9es) un d\u00e9lai suppl\u00e9mentaire de 6 \u00e0 12 mois \u00e0 compter de la date de d\u00e9marrage initiale pour se pr\u00e9parer. Actuellement, nous supposons un d\u00e9lai similaire pour toutes les phases du plan de facturation \u00e9lectronique obligatoire de la France. <\/p>\n\t\t\t\t\t\t\t\t<\/div>\n\t\t\t\t\t<\/div>\n\t\t<\/div>\n\t\t\t\t\t<\/div>\n\t\t<\/section>\n\t\t\t\t<section class=\"elementor-section elementor-top-section elementor-element elementor-element-e0e42a3 elementor-section-boxed elementor-section-height-default elementor-section-height-default\" data-id=\"e0e42a3\" data-element_type=\"section\" data-e-type=\"section\" data-settings=\"{&quot;_ha_eqh_enable&quot;:false}\">\n\t\t\t\t\t\t<div class=\"elementor-container elementor-column-gap-default\">\n\t\t\t\t\t<div class=\"elementor-column elementor-col-100 elementor-top-column elementor-element elementor-element-5b02f79\" data-id=\"5b02f79\" data-element_type=\"column\" data-e-type=\"column\">\n\t\t\t<div class=\"elementor-widget-wrap elementor-element-populated\">\n\t\t\t\t\t\t<div class=\"elementor-element elementor-element-702acc9 elementor-widget elementor-widget-heading\" data-id=\"702acc9\" data-element_type=\"widget\" data-e-type=\"widget\" data-widget_type=\"heading.default\">\n\t\t\t\t\t<h2 class=\"elementor-heading-title elementor-size-default\">Soyez le premier \u00e0 \u00eatre inform\u00e9 des nouveaux d\u00e9veloppements !<\/h2>\t\t\t\t<\/div>\n\t\t\t\t\t<\/div>\n\t\t<\/div>\n\t\t\t\t\t<\/div>\n\t\t<\/section>\n\t\t\t\t<section class=\"elementor-section elementor-top-section elementor-element elementor-element-2308882 elementor-section-boxed elementor-section-height-default elementor-section-height-default\" data-id=\"2308882\" data-element_type=\"section\" data-e-type=\"section\" data-settings=\"{&quot;_ha_eqh_enable&quot;:false}\">\n\t\t\t\t\t\t<div class=\"elementor-container elementor-column-gap-default\">\n\t\t\t\t\t<div class=\"elementor-column elementor-col-100 elementor-top-column elementor-element elementor-element-6d73528\" data-id=\"6d73528\" data-element_type=\"column\" data-e-type=\"column\">\n\t\t\t<div class=\"elementor-widget-wrap elementor-element-populated\">\n\t\t\t\t\t\t<div class=\"elementor-element elementor-element-96be976 elementor-widget elementor-widget-text-editor\" data-id=\"96be976\" data-element_type=\"widget\" data-e-type=\"widget\" data-widget_type=\"text-editor.default\">\n\t\t\t\t\t\t\t\t\t<p>Abonnez-vous \u00e0 notre lettre d&rsquo;information pour rester au courant des derni\u00e8res informations sur la l\u00e9gislation en mati\u00e8re de facturation \u00e9lectronique.<\/p>\n\t\t\t\t\t\t\t\t<\/div>\n\t\t\t\t\t<\/div>\n\t\t<\/div>\n\t\t\t\t\t<\/div>\n\t\t<\/section>\n\t\t\t\t<section class=\"elementor-section elementor-top-section elementor-element elementor-element-09c480d elementor-section-boxed elementor-section-height-default elementor-section-height-default\" data-id=\"09c480d\" data-element_type=\"section\" data-e-type=\"section\" data-settings=\"{&quot;_ha_eqh_enable&quot;:false}\">\n\t\t\t\t\t\t<div class=\"elementor-container elementor-column-gap-default\">\n\t\t\t\t\t<div class=\"elementor-column elementor-col-100 elementor-top-column elementor-element elementor-element-6418b40\" data-id=\"6418b40\" data-element_type=\"column\" data-e-type=\"column\">\n\t\t\t<div class=\"elementor-widget-wrap elementor-element-populated\">\n\t\t\t\t\t\t<div class=\"elementor-element elementor-element-3c59305 elementor-mobile-align-center elementor-widget elementor-widget-button\" data-id=\"3c59305\" data-element_type=\"widget\" data-e-type=\"widget\" data-widget_type=\"button.default\">\n\t\t\t\t\t\t\t\t\t\t<a class=\"elementor-button elementor-button-link elementor-size-sm\" href=\"https:\/\/nymus.be\/fr\/\">\n\t\t\t\t\t\t<span class=\"elementor-button-content-wrapper\">\n\t\t\t\t\t\t\t\t\t<span class=\"elementor-button-text\">D\u00e9couvrez nos solutions<\/span>\n\t\t\t\t\t<\/span>\n\t\t\t\t\t<\/a>\n\t\t\t\t\t\t\t\t<\/div>\n\t\t\t\t\t<\/div>\n\t\t<\/div>\n\t\t\t\t\t<\/div>\n\t\t<\/section>\n\t\t\t\t<section class=\"elementor-section elementor-top-section elementor-element elementor-element-08e2051 elementor-section-full_width elementor-section-height-default elementor-section-height-default\" data-id=\"08e2051\" data-element_type=\"section\" data-e-type=\"section\" data-settings=\"{&quot;_ha_eqh_enable&quot;:false}\">\n\t\t\t\t\t\t<div class=\"elementor-container elementor-column-gap-default\">\n\t\t\t\t\t<div class=\"elementor-column elementor-col-100 elementor-top-column elementor-element elementor-element-df35187\" data-id=\"df35187\" data-element_type=\"column\" data-e-type=\"column\">\n\t\t\t<div class=\"elementor-widget-wrap elementor-element-populated\">\n\t\t\t\t\t\t<div class=\"elementor-element elementor-element-192da7f elementor-widget elementor-widget-heading\" data-id=\"192da7f\" data-element_type=\"widget\" data-e-type=\"widget\" data-widget_type=\"heading.default\">\n\t\t\t\t\t<h2 class=\"elementor-heading-title elementor-size-default\">Articles de blog en vedette<\/h2>\t\t\t\t<\/div>\n\t\t\t\t<div class=\"elementor-element elementor-element-517e685 elementor-widget elementor-widget-ucaddon_post_blocks\" data-id=\"517e685\" data-element_type=\"widget\" data-e-type=\"widget\" data-widget_type=\"ucaddon_post_blocks.default\">\n\t\t\t\t<div class=\"elementor-widget-container\">\n\t\t\t\t\t\n<!-- start Post Blocks -->\n\t\t<link id='font-awesome-css' href='https:\/\/nymus.be\/wp-content\/plugins\/unlimited-elements-for-elementor\/assets_libraries\/font-awesome6\/fontawesome-all.min.css' type='text\/css' rel='stylesheet' >\n\t\t<link id='font-awesome-4-shim-css' href='https:\/\/nymus.be\/wp-content\/plugins\/unlimited-elements-for-elementor\/assets_libraries\/font-awesome6\/fontawesome-v4-shims.min.css' type='text\/css' rel='stylesheet' >\n\n<style>\/* widget: Post Blocks *\/\n\n\n\n#uc_post_blocks_elementor_517e685 {\n    display:grid;\n}\n#uc_post_blocks_elementor_517e685 .ue_post_blocks_box\n{\n  overflow:hidden;\n}\n\n#uc_post_blocks_elementor_517e685 .ue_post_blocks_image\n{\n  overflow:hidden;\n}\n#uc_post_blocks_elementor_517e685 .ue_post_blocks_image img\n{\n  width:100%;\n  display:block;\n}\n#uc_post_blocks_elementor_517e685 .ue_post_blocks_link a\n{\n  display:inline-block;\n  text-decoration:none;\n  text-align:center;\n}\n\n\n#uc_post_blocks_elementor_517e685 .ue-grid-item-meta-data\n{\n  display:inlin-flex;\n  flex-wrap: wrap;\n}\n\n.ue-grid-item-meta-data\n{\n  font-size:12px;\n}\n\n#uc_post_blocks_elementor_517e685 .ue-grid-item-meta-data-icon\n{\n  line-height:1em;\n}\n\n#uc_post_blocks_elementor_517e685 .ue-grid-item-meta-data-icon svg\n{\n  width:1em;\n  height:1em;\n}\n\n#uc_post_blocks_elementor_517e685 .ue_post_blocks_box{\n  display: flex;\n  flex-direction: column;\n}\n#uc_post_blocks_elementor_517e685 .ue_post_blocks_content{\n display: flex; flex-grow: 1;\n flex-direction: column;\n}\n#uc_post_blocks_elementor_517e685 .ue_post_blocks_link{ margin-top: auto;\n}\n\n.ue-grid-item-category a\n{\n  display:inline-block;\n  font-size:10px;\n  text-transform:uppercase;\n}\n\n\n\n\n<\/style>\n\n<div id=\"uc_post_blocks_elementor_517e685\" class=\"ue_post_blocks uc-items-wrapper \" >\n    <div class=\"ue_post_blocks_box\">\n    <div class=\"ue_post_blocks_image\">\n    <a href=\"https:\/\/nymus.be\/fr\/lautofacturation-a-peppol\/\" style=\"display:block;\"><img loading=\"lazy\" decoding=\"async\" src=\"https:\/\/nymus.be\/wp-content\/uploads\/2025\/09\/Self-billing-in-Peppol-768x343.webp\"  src=\"https:\/\/nymus.be\/wp-content\/uploads\/2025\/09\/Self-billing-in-Peppol-768x343.webp\" alt=\"Autofacturation \u00e0 Peppol\" width=\"768\" height=\"343\"><\/a>\n  <\/div>\n    <div class=\"ue_post_blocks_content\">\n      \n     \n         \n    <div class=\"ue_post_blocks_title\"><a href=\"https:\/\/nymus.be\/fr\/lautofacturation-a-peppol\/\">L'autofacturation \u00e0 Peppol<\/a><\/div>    \n        \n    \n    <div class=\"ue_post_blocks_text\">La facturation \u00e9lectronique \u00e9volue \u00e0 la vitesse de l&rsquo;\u00e9clair. Alors qu&rsquo;il s&rsquo;agissait...<\/div>        \t<div class=\"ue_post_blocks_link\">\n          <a class=\" \" href='https:\/\/nymus.be\/fr\/lautofacturation-a-peppol\/'>En savoir plus<\/a>\n    \t<\/div>\n      <\/div>\n<\/div>\n<div class=\"ue_post_blocks_box\">\n    <div class=\"ue_post_blocks_image\">\n    <a href=\"https:\/\/nymus.be\/fr\/comment-fonctionne-lescompte-de-caisse-dans-la-facturation-electronique-et-dans-peppol\/\" style=\"display:block;\"><img loading=\"lazy\" decoding=\"async\" src=\"https:\/\/nymus.be\/wp-content\/uploads\/2025\/07\/Blogpost-korting-contant-768x343.webp\"  src=\"https:\/\/nymus.be\/wp-content\/uploads\/2025\/07\/Blogpost-korting-contant-768x343.webp\" alt=\"Comment fonctionne l&#039;escompte dans la facturation \u00e9lectronique ?\" width=\"768\" height=\"343\"><\/a>\n  <\/div>\n    <div class=\"ue_post_blocks_content\">\n      \n     \n         \n    <div class=\"ue_post_blocks_title\"><a href=\"https:\/\/nymus.be\/fr\/comment-fonctionne-lescompte-de-caisse-dans-la-facturation-electronique-et-dans-peppol\/\">Comment fonctionne l'escompte dans la facturation \u00e9lectronique et dans peppol ?<\/a><\/div>    \n        \n    \n    <div class=\"ue_post_blocks_text\">Dans les factures classiques, vous les rencontrez souvent : l&rsquo;escompte. Mais qu&rsquo;en est-il...<\/div>        \t<div class=\"ue_post_blocks_link\">\n          <a class=\" \" href='https:\/\/nymus.be\/fr\/comment-fonctionne-lescompte-de-caisse-dans-la-facturation-electronique-et-dans-peppol\/'>En savoir plus<\/a>\n    \t<\/div>\n      <\/div>\n<\/div>\n<div class=\"ue_post_blocks_box\">\n    <div class=\"ue_post_blocks_image\">\n    <a href=\"https:\/\/nymus.be\/fr\/qu-est-ce-que-peppol\/\" style=\"display:block;\"><img loading=\"lazy\" decoding=\"async\" src=\"https:\/\/nymus.be\/wp-content\/uploads\/2024\/07\/FACTURATIEERP-SYSTEEM-1-768x234.jpg\"  src=\"https:\/\/nymus.be\/wp-content\/uploads\/2024\/07\/FACTURATIEERP-SYSTEEM-1-768x234.jpg\" alt=\"Sch\u00e9ma Peppol\" width=\"768\" height=\"234\"><\/a>\n  <\/div>\n    <div class=\"ue_post_blocks_content\">\n      \n     \n         \n    <div class=\"ue_post_blocks_title\"><a href=\"https:\/\/nymus.be\/fr\/qu-est-ce-que-peppol\/\">Qu'est-ce que Peppol et comment l'utiliser ?<\/a><\/div>    \n        \n    \n    <div class=\"ue_post_blocks_text\">Dans le monde num\u00e9rique d&rsquo;aujourd&rsquo;hui, l&rsquo;efficacit\u00e9 est souvent la priorit\u00e9 num\u00e9ro...<\/div>        \t<div class=\"ue_post_blocks_link\">\n          <a class=\" \" href='https:\/\/nymus.be\/fr\/qu-est-ce-que-peppol\/'>En savoir plus<\/a>\n    \t<\/div>\n      <\/div>\n<\/div>\n\n<\/div>\n<!-- end Post Blocks -->\t\t\t\t<\/div>\n\t\t\t\t<\/div>\n\t\t\t\t\t<\/div>\n\t\t<\/div>\n\t\t\t\t\t<\/div>\n\t\t<\/section>\n\t\t\t\t<section class=\"elementor-section elementor-top-section elementor-element elementor-element-00e15c7 elementor-section-full_width elementor-section-height-default elementor-section-height-default\" data-id=\"00e15c7\" data-element_type=\"section\" data-e-type=\"section\" data-settings=\"{&quot;background_background&quot;:&quot;classic&quot;,&quot;_ha_eqh_enable&quot;:false}\">\n\t\t\t\t\t\t<div class=\"elementor-container elementor-column-gap-default\">\n\t\t\t\t\t<div class=\"elementor-column elementor-col-33 elementor-top-column elementor-element elementor-element-c9e6325\" data-id=\"c9e6325\" data-element_type=\"column\" data-e-type=\"column\" data-settings=\"{&quot;motion_fx_motion_fx_mouse&quot;:&quot;yes&quot;,&quot;motion_fx_mouseTrack_effect&quot;:&quot;yes&quot;,&quot;motion_fx_mouseTrack_speed&quot;:{&quot;unit&quot;:&quot;px&quot;,&quot;size&quot;:0.4,&quot;sizes&quot;:[]}}\">\n\t\t\t<div class=\"elementor-widget-wrap elementor-element-populated\">\n\t\t\t\t\t\t<div class=\"elementor-element elementor-element-2c55ac7 elementor-widget__width-initial elementor-hidden-tablet elementor-hidden-mobile elementor-widget elementor-widget-image\" data-id=\"2c55ac7\" data-element_type=\"widget\" data-e-type=\"widget\" data-widget_type=\"image.default\">\n\t\t\t\t\t\t\t\t\t\t\t\t\t\t\t<img loading=\"lazy\" decoding=\"async\" width=\"377\" height=\"454\" src=\"https:\/\/nymus.be\/wp-content\/uploads\/2023\/06\/logo_nymus_2_pijlen_transparent-removebg-preview.png\" class=\"attachment-large size-large wp-image-3315\" alt=\"Nymus bullet point marker\" srcset=\"https:\/\/nymus.be\/wp-content\/uploads\/2023\/06\/logo_nymus_2_pijlen_transparent-removebg-preview.png 377w, https:\/\/nymus.be\/wp-content\/uploads\/2023\/06\/logo_nymus_2_pijlen_transparent-removebg-preview-249x300.png 249w\" sizes=\"(max-width: 377px) 100vw, 377px\" \/>\t\t\t\t\t\t\t\t\t\t\t\t\t\t\t<\/div>\n\t\t\t\t\t<\/div>\n\t\t<\/div>\n\t\t\t\t<div class=\"elementor-column elementor-col-66 elementor-top-column elementor-element elementor-element-a96d5e9\" data-id=\"a96d5e9\" data-element_type=\"column\" data-e-type=\"column\">\n\t\t\t<div class=\"elementor-widget-wrap elementor-element-populated\">\n\t\t\t\t\t\t<div class=\"elementor-element elementor-element-282d735 elementor-widget__width-initial elementor-widget elementor-widget-heading\" data-id=\"282d735\" data-element_type=\"widget\" data-e-type=\"widget\" data-widget_type=\"heading.default\">\n\t\t\t\t\t<h2 class=\"elementor-heading-title elementor-size-default\">D\u00e9couvrez nos solutions<\/h2>\t\t\t\t<\/div>\n\t\t\t\t<div class=\"elementor-element elementor-element-8439e80 elementor-widget__width-initial elementor-widget elementor-widget-text-editor\" data-id=\"8439e80\" data-element_type=\"widget\" data-e-type=\"widget\" data-widget_type=\"text-editor.default\">\n\t\t\t\t\t\t\t\t\t<p>Curieux de savoir ce que nous pouvons faire pour votre organisation ?<\/p>\n\t\t\t\t\t\t\t\t<\/div>\n\t\t\t\t<div class=\"elementor-element elementor-element-d4e0e8f elementor-mobile-align-center elementor-widget elementor-widget-button\" data-id=\"d4e0e8f\" data-element_type=\"widget\" data-e-type=\"widget\" data-widget_type=\"button.default\">\n\t\t\t\t\t\t\t\t\t\t<a class=\"elementor-button elementor-button-link elementor-size-sm\" href=\"https:\/\/nymus.be\/fr\/contact\/\">\n\t\t\t\t\t\t<span class=\"elementor-button-content-wrapper\">\n\t\t\t\t\t\t\t\t\t<span class=\"elementor-button-text\">Contact<\/span>\n\t\t\t\t\t<\/span>\n\t\t\t\t\t<\/a>\n\t\t\t\t\t\t\t\t<\/div>\n\t\t\t\t\t<\/div>\n\t\t<\/div>\n\t\t\t\t\t<\/div>\n\t\t<\/section>\n\t\t\t\t<\/div>\n\t\t","protected":false},"excerpt":{"rendered":"<p>Une d\u00e9cision remarquable du gouvernement fran\u00e7ais a r\u00e9cemment fait la une des journaux. Il s&rsquo;agit de la facturation \u00e9lectronique obligatoire pour les entreprises, une politique qui est actuellement mise en [&hellip;]<\/p>\n","protected":false},"author":3,"featured_media":3555,"comment_status":"closed","ping_status":"closed","sticky":false,"template":"","format":"standard","meta":{"footnotes":""},"categories":[63],"tags":[51],"class_list":["post-6981","post","type-post","status-publish","format-standard","has-post-thumbnail","hentry","category-mises-a-jour-actualites","tag-article-de-blog"],"yoast_head":"<!-- This site is optimized with the Yoast SEO plugin v27.4 - https:\/\/yoast.com\/product\/yoast-seo-wordpress\/ -->\n<title>Le gouvernement fran\u00e7ais change de cap sur la facturation \u00e9lectronique<\/title>\n<meta name=\"description\" content=\"Le gouvernement fran\u00e7ais change de cap sur la facturation \u00e9lectronique.. D\u00e9couvrez les diff\u00e9rents choix de Frankfrijk en mati\u00e8re de facturation \u00e9lectronique.\" \/>\n<meta name=\"robots\" content=\"index, follow, max-snippet:-1, max-image-preview:large, max-video-preview:-1\" \/>\n<link rel=\"canonical\" href=\"https:\/\/nymus.be\/fr\/le-gouvernement-francais-change-de-cap-sur-la-facturation-electronique\/\" \/>\n<meta property=\"og:locale\" content=\"fr_FR\" \/>\n<meta property=\"og:type\" content=\"article\" \/>\n<meta property=\"og:title\" content=\"Le gouvernement fran\u00e7ais change de cap sur la facturation \u00e9lectronique\" \/>\n<meta property=\"og:description\" content=\"Le gouvernement fran\u00e7ais change de cap sur la facturation \u00e9lectronique.. D\u00e9couvrez les diff\u00e9rents choix de Frankfrijk en mati\u00e8re de facturation \u00e9lectronique.\" \/>\n<meta property=\"og:url\" content=\"https:\/\/nymus.be\/fr\/le-gouvernement-francais-change-de-cap-sur-la-facturation-electronique\/\" \/>\n<meta property=\"og:site_name\" content=\"Nymus\" \/>\n<meta property=\"article:published_time\" content=\"2023-08-02T14:24:07+00:00\" \/>\n<meta property=\"article:modified_time\" content=\"2025-07-14T13:42:59+00:00\" \/>\n<meta property=\"og:image\" content=\"https:\/\/nymus.be\/wp-content\/uploads\/2023\/08\/anthony-choren-lYzap0eubDY-unsplash-scaled.jpg\" \/>\n\t<meta property=\"og:image:width\" content=\"2560\" \/>\n\t<meta property=\"og:image:height\" content=\"1920\" \/>\n\t<meta property=\"og:image:type\" content=\"image\/jpeg\" \/>\n<meta name=\"author\" content=\"Yaron Verfaillie\" \/>\n<meta name=\"twitter:card\" content=\"summary_large_image\" \/>\n<meta name=\"twitter:label1\" content=\"\u00c9crit par\" \/>\n\t<meta name=\"twitter:data1\" content=\"Yaron Verfaillie\" \/>\n\t<meta name=\"twitter:label2\" content=\"Dur\u00e9e de lecture est.\" \/>\n\t<meta name=\"twitter:data2\" content=\"4 minutes\" \/>\n<script type=\"application\/ld+json\" class=\"yoast-schema-graph\">{\"@context\":\"https:\\\/\\\/schema.org\",\"@graph\":[{\"@type\":\"Article\",\"@id\":\"https:\\\/\\\/nymus.be\\\/fr\\\/le-gouvernement-francais-change-de-cap-sur-la-facturation-electronique\\\/#article\",\"isPartOf\":{\"@id\":\"https:\\\/\\\/nymus.be\\\/fr\\\/le-gouvernement-francais-change-de-cap-sur-la-facturation-electronique\\\/\"},\"author\":{\"name\":\"Yaron Verfaillie\",\"@id\":\"http:\\\/\\\/nymus.be\\\/#\\\/schema\\\/person\\\/400d5ad9e232ff4a9c1f11850a127425\"},\"headline\":\"Le gouvernement fran\u00e7ais change de cap sur la facturation \u00e9lectronique\",\"datePublished\":\"2023-08-02T14:24:07+00:00\",\"dateModified\":\"2025-07-14T13:42:59+00:00\",\"mainEntityOfPage\":{\"@id\":\"https:\\\/\\\/nymus.be\\\/fr\\\/le-gouvernement-francais-change-de-cap-sur-la-facturation-electronique\\\/\"},\"wordCount\":505,\"publisher\":{\"@id\":\"http:\\\/\\\/nymus.be\\\/#organization\"},\"image\":{\"@id\":\"https:\\\/\\\/nymus.be\\\/fr\\\/le-gouvernement-francais-change-de-cap-sur-la-facturation-electronique\\\/#primaryimage\"},\"thumbnailUrl\":\"https:\\\/\\\/nymus.be\\\/wp-content\\\/uploads\\\/2023\\\/08\\\/anthony-choren-lYzap0eubDY-unsplash-scaled.jpg\",\"keywords\":[\"article de blog\"],\"articleSection\":[\"Mises \u00e0 jour &amp; actualit\u00e9s\"],\"inLanguage\":\"fr-BE\"},{\"@type\":\"WebPage\",\"@id\":\"https:\\\/\\\/nymus.be\\\/fr\\\/le-gouvernement-francais-change-de-cap-sur-la-facturation-electronique\\\/\",\"url\":\"https:\\\/\\\/nymus.be\\\/fr\\\/le-gouvernement-francais-change-de-cap-sur-la-facturation-electronique\\\/\",\"name\":\"Le gouvernement fran\u00e7ais change de cap sur la facturation \u00e9lectronique\",\"isPartOf\":{\"@id\":\"http:\\\/\\\/nymus.be\\\/#website\"},\"primaryImageOfPage\":{\"@id\":\"https:\\\/\\\/nymus.be\\\/fr\\\/le-gouvernement-francais-change-de-cap-sur-la-facturation-electronique\\\/#primaryimage\"},\"image\":{\"@id\":\"https:\\\/\\\/nymus.be\\\/fr\\\/le-gouvernement-francais-change-de-cap-sur-la-facturation-electronique\\\/#primaryimage\"},\"thumbnailUrl\":\"https:\\\/\\\/nymus.be\\\/wp-content\\\/uploads\\\/2023\\\/08\\\/anthony-choren-lYzap0eubDY-unsplash-scaled.jpg\",\"datePublished\":\"2023-08-02T14:24:07+00:00\",\"dateModified\":\"2025-07-14T13:42:59+00:00\",\"description\":\"Le gouvernement fran\u00e7ais change de cap sur la facturation \u00e9lectronique.. D\u00e9couvrez les diff\u00e9rents choix de Frankfrijk en mati\u00e8re de facturation \u00e9lectronique.\",\"breadcrumb\":{\"@id\":\"https:\\\/\\\/nymus.be\\\/fr\\\/le-gouvernement-francais-change-de-cap-sur-la-facturation-electronique\\\/#breadcrumb\"},\"inLanguage\":\"fr-BE\",\"potentialAction\":[{\"@type\":\"ReadAction\",\"target\":[\"https:\\\/\\\/nymus.be\\\/fr\\\/le-gouvernement-francais-change-de-cap-sur-la-facturation-electronique\\\/\"]}]},{\"@type\":\"ImageObject\",\"inLanguage\":\"fr-BE\",\"@id\":\"https:\\\/\\\/nymus.be\\\/fr\\\/le-gouvernement-francais-change-de-cap-sur-la-facturation-electronique\\\/#primaryimage\",\"url\":\"https:\\\/\\\/nymus.be\\\/wp-content\\\/uploads\\\/2023\\\/08\\\/anthony-choren-lYzap0eubDY-unsplash-scaled.jpg\",\"contentUrl\":\"https:\\\/\\\/nymus.be\\\/wp-content\\\/uploads\\\/2023\\\/08\\\/anthony-choren-lYzap0eubDY-unsplash-scaled.jpg\",\"width\":2560,\"height\":1920,\"caption\":\"Elektronische facturatie Frankrijk\"},{\"@type\":\"BreadcrumbList\",\"@id\":\"https:\\\/\\\/nymus.be\\\/fr\\\/le-gouvernement-francais-change-de-cap-sur-la-facturation-electronique\\\/#breadcrumb\",\"itemListElement\":[{\"@type\":\"ListItem\",\"position\":1,\"name\":\"Home\",\"item\":\"https:\\\/\\\/nymus.be\\\/\"},{\"@type\":\"ListItem\",\"position\":2,\"name\":\"Le gouvernement fran\u00e7ais change de cap sur la facturation \u00e9lectronique\"}]},{\"@type\":\"WebSite\",\"@id\":\"http:\\\/\\\/nymus.be\\\/#website\",\"url\":\"http:\\\/\\\/nymus.be\\\/\",\"name\":\"Nymus\",\"description\":\"Make the future paperless\",\"publisher\":{\"@id\":\"http:\\\/\\\/nymus.be\\\/#organization\"},\"potentialAction\":[{\"@type\":\"SearchAction\",\"target\":{\"@type\":\"EntryPoint\",\"urlTemplate\":\"http:\\\/\\\/nymus.be\\\/?s={search_term_string}\"},\"query-input\":{\"@type\":\"PropertyValueSpecification\",\"valueRequired\":true,\"valueName\":\"search_term_string\"}}],\"inLanguage\":\"fr-BE\"},{\"@type\":\"Organization\",\"@id\":\"http:\\\/\\\/nymus.be\\\/#organization\",\"name\":\"Nymus\",\"url\":\"http:\\\/\\\/nymus.be\\\/\",\"logo\":{\"@type\":\"ImageObject\",\"inLanguage\":\"fr-BE\",\"@id\":\"http:\\\/\\\/nymus.be\\\/#\\\/schema\\\/logo\\\/image\\\/\",\"url\":\"https:\\\/\\\/nymus.be\\\/wp-content\\\/uploads\\\/2023\\\/07\\\/nymus_logo_rgb.png\",\"contentUrl\":\"https:\\\/\\\/nymus.be\\\/wp-content\\\/uploads\\\/2023\\\/07\\\/nymus_logo_rgb.png\",\"width\":842,\"height\":222,\"caption\":\"Nymus\"},\"image\":{\"@id\":\"http:\\\/\\\/nymus.be\\\/#\\\/schema\\\/logo\\\/image\\\/\"},\"sameAs\":[\"https:\\\/\\\/www.linkedin.com\\\/company\\\/2587847\\\/admin\\\/?lipi=urnlipaged_flagship3_feedLMsWqCuuRCFADe8nhgbkw\"]},{\"@type\":\"Person\",\"@id\":\"http:\\\/\\\/nymus.be\\\/#\\\/schema\\\/person\\\/400d5ad9e232ff4a9c1f11850a127425\",\"name\":\"Yaron Verfaillie\",\"image\":{\"@type\":\"ImageObject\",\"inLanguage\":\"fr-BE\",\"@id\":\"https:\\\/\\\/secure.gravatar.com\\\/avatar\\\/4fb73c093a9beb25de24327eca2c63c9c08282f9e89eee4d0c787bdcc4a92e0e?s=96&d=mm&r=g\",\"url\":\"https:\\\/\\\/secure.gravatar.com\\\/avatar\\\/4fb73c093a9beb25de24327eca2c63c9c08282f9e89eee4d0c787bdcc4a92e0e?s=96&d=mm&r=g\",\"contentUrl\":\"https:\\\/\\\/secure.gravatar.com\\\/avatar\\\/4fb73c093a9beb25de24327eca2c63c9c08282f9e89eee4d0c787bdcc4a92e0e?s=96&d=mm&r=g\",\"caption\":\"Yaron Verfaillie\"},\"description\":\"Marketingverantwoordelijke bij Nymus. Met een passie voor duidelijke communicatie en een neus voor digitale effici\u00ebntie schrijft Yaron over alles wat finance- en IT-teams wakker houdt: e-invoicing, Peppol, compliance en de toekomst van facturatie. Zijn aanpak? Geen buzzwoorden, geen verkooppraat. Wel heldere taal en praktische inzichten, zodat bedrijven grip houden op complexe wetgeving en technologische keuzes. Yaron gelooft dat zelfs de meest technische onderwerpen begrijpelijk kunnen zijn, zolang je vertrekt vanuit \u00e9chte vragen van \u00e9chte mensen. \ud83d\udc49 Volg hem op LinkedIn \ud83d\udcda Bekijk alle artikels van Yaron onderaan deze pagina\",\"sameAs\":[\"www.linkedin.com\\\/in\\\/yaron-verfaillie\"],\"url\":\"https:\\\/\\\/nymus.be\\\/fr\\\/author\\\/yaron\\\/\"}]}<\/script>\n<!-- \/ Yoast SEO plugin. -->","yoast_head_json":{"title":"Le gouvernement fran\u00e7ais change de cap sur la facturation \u00e9lectronique","description":"Le gouvernement fran\u00e7ais change de cap sur la facturation \u00e9lectronique.. D\u00e9couvrez les diff\u00e9rents choix de Frankfrijk en mati\u00e8re de facturation \u00e9lectronique.","robots":{"index":"index","follow":"follow","max-snippet":"max-snippet:-1","max-image-preview":"max-image-preview:large","max-video-preview":"max-video-preview:-1"},"canonical":"https:\/\/nymus.be\/fr\/le-gouvernement-francais-change-de-cap-sur-la-facturation-electronique\/","og_locale":"fr_FR","og_type":"article","og_title":"Le gouvernement fran\u00e7ais change de cap sur la facturation \u00e9lectronique","og_description":"Le gouvernement fran\u00e7ais change de cap sur la facturation \u00e9lectronique.. D\u00e9couvrez les diff\u00e9rents choix de Frankfrijk en mati\u00e8re de facturation \u00e9lectronique.","og_url":"https:\/\/nymus.be\/fr\/le-gouvernement-francais-change-de-cap-sur-la-facturation-electronique\/","og_site_name":"Nymus","article_published_time":"2023-08-02T14:24:07+00:00","article_modified_time":"2025-07-14T13:42:59+00:00","og_image":[{"width":2560,"height":1920,"url":"https:\/\/nymus.be\/wp-content\/uploads\/2023\/08\/anthony-choren-lYzap0eubDY-unsplash-scaled.jpg","type":"image\/jpeg"}],"author":"Yaron Verfaillie","twitter_card":"summary_large_image","twitter_misc":{"\u00c9crit par":"Yaron Verfaillie","Dur\u00e9e de lecture est.":"4 minutes"},"schema":{"@context":"https:\/\/schema.org","@graph":[{"@type":"Article","@id":"https:\/\/nymus.be\/fr\/le-gouvernement-francais-change-de-cap-sur-la-facturation-electronique\/#article","isPartOf":{"@id":"https:\/\/nymus.be\/fr\/le-gouvernement-francais-change-de-cap-sur-la-facturation-electronique\/"},"author":{"name":"Yaron Verfaillie","@id":"http:\/\/nymus.be\/#\/schema\/person\/400d5ad9e232ff4a9c1f11850a127425"},"headline":"Le gouvernement fran\u00e7ais change de cap sur la facturation \u00e9lectronique","datePublished":"2023-08-02T14:24:07+00:00","dateModified":"2025-07-14T13:42:59+00:00","mainEntityOfPage":{"@id":"https:\/\/nymus.be\/fr\/le-gouvernement-francais-change-de-cap-sur-la-facturation-electronique\/"},"wordCount":505,"publisher":{"@id":"http:\/\/nymus.be\/#organization"},"image":{"@id":"https:\/\/nymus.be\/fr\/le-gouvernement-francais-change-de-cap-sur-la-facturation-electronique\/#primaryimage"},"thumbnailUrl":"https:\/\/nymus.be\/wp-content\/uploads\/2023\/08\/anthony-choren-lYzap0eubDY-unsplash-scaled.jpg","keywords":["article de blog"],"articleSection":["Mises \u00e0 jour &amp; actualit\u00e9s"],"inLanguage":"fr-BE"},{"@type":"WebPage","@id":"https:\/\/nymus.be\/fr\/le-gouvernement-francais-change-de-cap-sur-la-facturation-electronique\/","url":"https:\/\/nymus.be\/fr\/le-gouvernement-francais-change-de-cap-sur-la-facturation-electronique\/","name":"Le gouvernement fran\u00e7ais change de cap sur la facturation \u00e9lectronique","isPartOf":{"@id":"http:\/\/nymus.be\/#website"},"primaryImageOfPage":{"@id":"https:\/\/nymus.be\/fr\/le-gouvernement-francais-change-de-cap-sur-la-facturation-electronique\/#primaryimage"},"image":{"@id":"https:\/\/nymus.be\/fr\/le-gouvernement-francais-change-de-cap-sur-la-facturation-electronique\/#primaryimage"},"thumbnailUrl":"https:\/\/nymus.be\/wp-content\/uploads\/2023\/08\/anthony-choren-lYzap0eubDY-unsplash-scaled.jpg","datePublished":"2023-08-02T14:24:07+00:00","dateModified":"2025-07-14T13:42:59+00:00","description":"Le gouvernement fran\u00e7ais change de cap sur la facturation \u00e9lectronique.. D\u00e9couvrez les diff\u00e9rents choix de Frankfrijk en mati\u00e8re de facturation \u00e9lectronique.","breadcrumb":{"@id":"https:\/\/nymus.be\/fr\/le-gouvernement-francais-change-de-cap-sur-la-facturation-electronique\/#breadcrumb"},"inLanguage":"fr-BE","potentialAction":[{"@type":"ReadAction","target":["https:\/\/nymus.be\/fr\/le-gouvernement-francais-change-de-cap-sur-la-facturation-electronique\/"]}]},{"@type":"ImageObject","inLanguage":"fr-BE","@id":"https:\/\/nymus.be\/fr\/le-gouvernement-francais-change-de-cap-sur-la-facturation-electronique\/#primaryimage","url":"https:\/\/nymus.be\/wp-content\/uploads\/2023\/08\/anthony-choren-lYzap0eubDY-unsplash-scaled.jpg","contentUrl":"https:\/\/nymus.be\/wp-content\/uploads\/2023\/08\/anthony-choren-lYzap0eubDY-unsplash-scaled.jpg","width":2560,"height":1920,"caption":"Elektronische facturatie Frankrijk"},{"@type":"BreadcrumbList","@id":"https:\/\/nymus.be\/fr\/le-gouvernement-francais-change-de-cap-sur-la-facturation-electronique\/#breadcrumb","itemListElement":[{"@type":"ListItem","position":1,"name":"Home","item":"https:\/\/nymus.be\/"},{"@type":"ListItem","position":2,"name":"Le gouvernement fran\u00e7ais change de cap sur la facturation \u00e9lectronique"}]},{"@type":"WebSite","@id":"http:\/\/nymus.be\/#website","url":"http:\/\/nymus.be\/","name":"Nymus","description":"Make the future paperless","publisher":{"@id":"http:\/\/nymus.be\/#organization"},"potentialAction":[{"@type":"SearchAction","target":{"@type":"EntryPoint","urlTemplate":"http:\/\/nymus.be\/?s={search_term_string}"},"query-input":{"@type":"PropertyValueSpecification","valueRequired":true,"valueName":"search_term_string"}}],"inLanguage":"fr-BE"},{"@type":"Organization","@id":"http:\/\/nymus.be\/#organization","name":"Nymus","url":"http:\/\/nymus.be\/","logo":{"@type":"ImageObject","inLanguage":"fr-BE","@id":"http:\/\/nymus.be\/#\/schema\/logo\/image\/","url":"https:\/\/nymus.be\/wp-content\/uploads\/2023\/07\/nymus_logo_rgb.png","contentUrl":"https:\/\/nymus.be\/wp-content\/uploads\/2023\/07\/nymus_logo_rgb.png","width":842,"height":222,"caption":"Nymus"},"image":{"@id":"http:\/\/nymus.be\/#\/schema\/logo\/image\/"},"sameAs":["https:\/\/www.linkedin.com\/company\/2587847\/admin\/?lipi=urnlipaged_flagship3_feedLMsWqCuuRCFADe8nhgbkw"]},{"@type":"Person","@id":"http:\/\/nymus.be\/#\/schema\/person\/400d5ad9e232ff4a9c1f11850a127425","name":"Yaron Verfaillie","image":{"@type":"ImageObject","inLanguage":"fr-BE","@id":"https:\/\/secure.gravatar.com\/avatar\/4fb73c093a9beb25de24327eca2c63c9c08282f9e89eee4d0c787bdcc4a92e0e?s=96&d=mm&r=g","url":"https:\/\/secure.gravatar.com\/avatar\/4fb73c093a9beb25de24327eca2c63c9c08282f9e89eee4d0c787bdcc4a92e0e?s=96&d=mm&r=g","contentUrl":"https:\/\/secure.gravatar.com\/avatar\/4fb73c093a9beb25de24327eca2c63c9c08282f9e89eee4d0c787bdcc4a92e0e?s=96&d=mm&r=g","caption":"Yaron Verfaillie"},"description":"Marketingverantwoordelijke bij Nymus. Met een passie voor duidelijke communicatie en een neus voor digitale effici\u00ebntie schrijft Yaron over alles wat finance- en IT-teams wakker houdt: e-invoicing, Peppol, compliance en de toekomst van facturatie. Zijn aanpak? Geen buzzwoorden, geen verkooppraat. Wel heldere taal en praktische inzichten, zodat bedrijven grip houden op complexe wetgeving en technologische keuzes. Yaron gelooft dat zelfs de meest technische onderwerpen begrijpelijk kunnen zijn, zolang je vertrekt vanuit \u00e9chte vragen van \u00e9chte mensen. \ud83d\udc49 Volg hem op LinkedIn \ud83d\udcda Bekijk alle artikels van Yaron onderaan deze pagina","sameAs":["www.linkedin.com\/in\/yaron-verfaillie"],"url":"https:\/\/nymus.be\/fr\/author\/yaron\/"}]}},"_links":{"self":[{"href":"https:\/\/nymus.be\/fr\/wp-json\/wp\/v2\/posts\/6981","targetHints":{"allow":["GET"]}}],"collection":[{"href":"https:\/\/nymus.be\/fr\/wp-json\/wp\/v2\/posts"}],"about":[{"href":"https:\/\/nymus.be\/fr\/wp-json\/wp\/v2\/types\/post"}],"author":[{"embeddable":true,"href":"https:\/\/nymus.be\/fr\/wp-json\/wp\/v2\/users\/3"}],"replies":[{"embeddable":true,"href":"https:\/\/nymus.be\/fr\/wp-json\/wp\/v2\/comments?post=6981"}],"version-history":[{"count":9,"href":"https:\/\/nymus.be\/fr\/wp-json\/wp\/v2\/posts\/6981\/revisions"}],"predecessor-version":[{"id":18785,"href":"https:\/\/nymus.be\/fr\/wp-json\/wp\/v2\/posts\/6981\/revisions\/18785"}],"wp:featuredmedia":[{"embeddable":true,"href":"https:\/\/nymus.be\/fr\/wp-json\/wp\/v2\/media\/3555"}],"wp:attachment":[{"href":"https:\/\/nymus.be\/fr\/wp-json\/wp\/v2\/media?parent=6981"}],"wp:term":[{"taxonomy":"category","embeddable":true,"href":"https:\/\/nymus.be\/fr\/wp-json\/wp\/v2\/categories?post=6981"},{"taxonomy":"post_tag","embeddable":true,"href":"https:\/\/nymus.be\/fr\/wp-json\/wp\/v2\/tags?post=6981"}],"curies":[{"name":"wp","href":"https:\/\/api.w.org\/{rel}","templated":true}]}}